{"id":5947,"date":"2026-03-02T13:00:30","date_gmt":"2026-03-02T12:00:30","guid":{"rendered":"https:\/\/golosze.szkola.pl\/?p=5947"},"modified":"2026-03-02T13:00:32","modified_gmt":"2026-03-02T12:00:32","slug":"miedzynarodowy-dzien-jezyka-ojczystego-3","status":"publish","type":"post","link":"https:\/\/golosze.szkola.pl\/index.php\/2026\/03\/02\/miedzynarodowy-dzien-jezyka-ojczystego-3\/","title":{"rendered":"Mi\u0119dzynarodowy Dzie\u0144 J\u0119zyka Ojczystego"},"content":{"rendered":"\n<p>19 lutego w naszej szkole obchodzili\u015bmy Mi\u0119dzynarodowy Dzie\u0144 J\u0119zyka Ojczystego. Apel z tej okazji przypomnia\u0142 nam, jak wa\u017cny jest nasz j\u0119zyk &#8211; jego pi\u0119kno, bogactwo s\u0142\u00f3w oraz historia. To wydarzenie sta\u0142o si\u0119 doskona\u0142\u0105 okazj\u0105 do wsp\u00f3lnego \u015bwi\u0119towania i przypomnienia sobie, \u017ce warto dba\u0107 o poprawno\u015b\u0107 i kultur\u0119 j\u0119zyka na co dzie\u0144.<\/p>\n\n\n\n<figure class=\"wp-block-gallery columns-3 is-cropped\"><ul class=\"blocks-gallery-grid\"><li class=\"blocks-gallery-item\"><figure><img loading=\"lazy\" width=\"607\" height=\"664\" src=\"https:\/\/golosze.szkola.pl\/wp-content\/uploads\/2026\/03\/a.jpg\" alt=\"\" data-id=\"5948\" data-full-url=\"https:\/\/golosze.szkola.pl\/wp-content\/uploads\/2026\/03\/a.jpg\" data-link=\"https:\/\/golosze.szkola.pl\/?attachment_id=5948\" class=\"wp-image-5948\" srcset=\"https:\/\/golosze.szkola.pl\/wp-content\/uploads\/2026\/03\/a.jpg 607w, https:\/\/golosze.szkola.pl\/wp-content\/uploads\/2026\/03\/a-274x300.jpg 274w\" sizes=\"(max-width: 607px) 100vw, 607px\" \/><\/figure><\/li><li class=\"blocks-gallery-item\"><figure><img loading=\"lazy\" width=\"768\" height=\"1024\" src=\"https:\/\/golosze.szkola.pl\/wp-content\/uploads\/2026\/03\/d-768x1024.jpg\" alt=\"\" data-id=\"5949\" data-full-url=\"https:\/\/golosze.szkola.pl\/wp-content\/uploads\/2026\/03\/d.jpg\" data-link=\"https:\/\/golosze.szkola.pl\/?attachment_id=5949\" class=\"wp-image-5949\" srcset=\"https:\/\/golosze.szkola.pl\/wp-content\/uploads\/2026\/03\/d-768x1024.jpg 768w, https:\/\/golosze.szkola.pl\/wp-content\/uploads\/2026\/03\/d-225x300.jpg 225w, https:\/\/golosze.szkola.pl\/wp-content\/uploads\/2026\/03\/d-1152x1536.jpg 1152w, https:\/\/golosze.szkola.pl\/wp-content\/uploads\/2026\/03\/d.jpg 1536w\" sizes=\"(max-width: 768px) 100vw, 768px\" \/><\/figure><\/li><li class=\"blocks-gallery-item\"><figure><img loading=\"lazy\" width=\"768\" height=\"1024\" src=\"https:\/\/golosze.szkola.pl\/wp-content\/uploads\/2026\/03\/s-768x1024.jpg\" alt=\"\" data-id=\"5950\" data-full-url=\"https:\/\/golosze.szkola.pl\/wp-content\/uploads\/2026\/03\/s.jpg\" data-link=\"https:\/\/golosze.szkola.pl\/?attachment_id=5950\" class=\"wp-image-5950\" srcset=\"https:\/\/golosze.szkola.pl\/wp-content\/uploads\/2026\/03\/s-768x1024.jpg 768w, https:\/\/golosze.szkola.pl\/wp-content\/uploads\/2026\/03\/s-225x300.jpg 225w, https:\/\/golosze.szkola.pl\/wp-content\/uploads\/2026\/03\/s-1152x1536.jpg 1152w, https:\/\/golosze.szkola.pl\/wp-content\/uploads\/2026\/03\/s.jpg 1536w\" sizes=\"(max-width: 768px) 100vw, 768px\" \/><\/figure><\/li><\/ul><\/figure>\n","protected":false},"excerpt":{"rendered":"<p>19 lutego w naszej szkole obchodzili\u015bmy Mi\u0119dzynarodowy Dzie\u0144 J\u0119zyka Ojczystego. Apel z tej okazji przypomnia\u0142 nam, jak wa\u017cny jest nasz j\u0119zyk &#8211; jego pi\u0119kno, bogactwo s\u0142\u00f3w oraz historia. To wydarzenie sta\u0142o si\u0119 doskona\u0142\u0105 okazj\u0105 do wsp\u00f3lnego \u015bwi\u0119towania i przypomnienia sobie, \u017ce warto dba\u0107 o poprawno\u015b\u0107 i kultur\u0119 j\u0119zyka na co dzie\u0144.<\/p>\n","protected":false},"author":2,"featured_media":5948,"comment_status":"closed","ping_status":"closed","sticky":false,"template":"","format":"standard","meta":[],"categories":[1],"tags":[],"_links":{"self":[{"href":"https:\/\/golosze.szkola.pl\/index.php\/wp-json\/wp\/v2\/posts\/5947"}],"collection":[{"href":"https:\/\/golosze.szkola.pl\/index.php\/wp-json\/wp\/v2\/posts"}],"about":[{"href":"https:\/\/golosze.szkola.pl\/index.php\/wp-json\/wp\/v2\/types\/post"}],"author":[{"embeddable":true,"href":"https:\/\/golosze.szkola.pl\/index.php\/wp-json\/wp\/v2\/users\/2"}],"replies":[{"embeddable":true,"href":"https:\/\/golosze.szkola.pl\/index.php\/wp-json\/wp\/v2\/comments?post=5947"}],"version-history":[{"count":1,"href":"https:\/\/golosze.szkola.pl\/index.php\/wp-json\/wp\/v2\/posts\/5947\/revisions"}],"predecessor-version":[{"id":5951,"href":"https:\/\/golosze.szkola.pl\/index.php\/wp-json\/wp\/v2\/posts\/5947\/revisions\/5951"}],"wp:featuredmedia":[{"embeddable":true,"href":"https:\/\/golosze.szkola.pl\/index.php\/wp-json\/wp\/v2\/media\/5948"}],"wp:attachment":[{"href":"https:\/\/golosze.szkola.pl\/index.php\/wp-json\/wp\/v2\/media?parent=5947"}],"wp:term":[{"taxonomy":"category","embeddable":true,"href":"https:\/\/golosze.szkola.pl\/index.php\/wp-json\/wp\/v2\/categories?post=5947"},{"taxonomy":"post_tag","embeddable":true,"href":"https:\/\/golosze.szkola.pl\/index.php\/wp-json\/wp\/v2\/tags?post=5947"}],"curies":[{"name":"wp","href":"https:\/\/api.w.org\/{rel}","templated":true}]}}