{"id":5829,"date":"2025-11-04T16:12:46","date_gmt":"2025-11-04T15:12:46","guid":{"rendered":"https:\/\/golosze.szkola.pl\/?p=5829"},"modified":"2025-11-04T16:14:35","modified_gmt":"2025-11-04T15:14:35","slug":"wizyta-na-cmentarzu-w-bledowie","status":"publish","type":"post","link":"https:\/\/golosze.szkola.pl\/index.php\/2025\/11\/04\/wizyta-na-cmentarzu-w-bledowie\/","title":{"rendered":"Wizyta na cmentarzu w B\u0142\u0119dowie"},"content":{"rendered":"\n<p>W przededniu uroczysto\u015bci Wszystkich \u015awi\u0119tych uczniowie klas VII i VIII udali si\u0119 na lokalny cmentarz, aby uczci\u0107 pami\u0119\u0107 os\u00f3b zas\u0142u\u017conych dla regionu i naszej szko\u0142y, bohater\u00f3w historycznych oraz \u017co\u0142nierzy nieznanych. W atmosferze zadumy i refleksji m\u0142odzie\u017c wraz z opiekunami zapali\u0142a znicze na ich grobach, oddaj\u0105c ho\u0142d tym, kt\u00f3rzy zapisali si\u0119 na kartach historii i walczyli o wolno\u015b\u0107 ojczyzny.<\/p>\n\n\n\n<p>Wyj\u015bcie mia\u0142o charakter edukacyjny i wychowawczy \u2013 uczniowie nie tylko poznali lokalne miejsca pami\u0119ci, ale tak\u017ce uczyli si\u0119 szacunku dla przesz\u0142o\u015bci oraz piel\u0119gnowania tradycji. Opiek\u0119 nad m\u0142odzie\u017c\u0105 sprawowali wychowawczyni Ma\u0142gorzata Maniak, nauczyciel historii \u0141ukasz \u017belazko oraz szkolny psycholog Konrad K\u0119ska.<\/p>\n\n\n\n<p>To wa\u017cna lekcja historii i empatii, kt\u00f3ra na d\u0142ugo pozostanie w pami\u0119ci naszych uczni\u00f3w.<\/p>\n\n\n\n<figure class=\"wp-block-image size-full\"><img loading=\"lazy\" width=\"800\" height=\"600\" src=\"https:\/\/golosze.szkola.pl\/wp-content\/uploads\/2025\/11\/1-1.jpg\" alt=\"\" class=\"wp-image-5832\" srcset=\"https:\/\/golosze.szkola.pl\/wp-content\/uploads\/2025\/11\/1-1.jpg 800w, https:\/\/golosze.szkola.pl\/wp-content\/uploads\/2025\/11\/1-1-300x225.jpg 300w, https:\/\/golosze.szkola.pl\/wp-content\/uploads\/2025\/11\/1-1-768x576.jpg 768w\" sizes=\"(max-width: 800px) 100vw, 800px\" \/><\/figure>\n","protected":false},"excerpt":{"rendered":"<p>W przededniu uroczysto\u015bci Wszystkich \u015awi\u0119tych uczniowie klas VII i VIII udali si\u0119 na lokalny cmentarz, aby uczci\u0107 pami\u0119\u0107 os\u00f3b zas\u0142u\u017conych dla regionu i naszej szko\u0142y, bohater\u00f3w historycznych oraz \u017co\u0142nierzy nieznanych. W atmosferze zadumy i refleksji m\u0142odzie\u017c wraz z opiekunami zapali\u0142a znicze na ich grobach, oddaj\u0105c ho\u0142d tym, kt\u00f3rzy zapisali si\u0119 na kartach historii i walczyli [&hellip;]<\/p>\n","protected":false},"author":2,"featured_media":5832,"comment_status":"closed","ping_status":"closed","sticky":false,"template":"","format":"standard","meta":[],"categories":[1],"tags":[],"_links":{"self":[{"href":"https:\/\/golosze.szkola.pl\/index.php\/wp-json\/wp\/v2\/posts\/5829"}],"collection":[{"href":"https:\/\/golosze.szkola.pl\/index.php\/wp-json\/wp\/v2\/posts"}],"about":[{"href":"https:\/\/golosze.szkola.pl\/index.php\/wp-json\/wp\/v2\/types\/post"}],"author":[{"embeddable":true,"href":"https:\/\/golosze.szkola.pl\/index.php\/wp-json\/wp\/v2\/users\/2"}],"replies":[{"embeddable":true,"href":"https:\/\/golosze.szkola.pl\/index.php\/wp-json\/wp\/v2\/comments?post=5829"}],"version-history":[{"count":2,"href":"https:\/\/golosze.szkola.pl\/index.php\/wp-json\/wp\/v2\/posts\/5829\/revisions"}],"predecessor-version":[{"id":5833,"href":"https:\/\/golosze.szkola.pl\/index.php\/wp-json\/wp\/v2\/posts\/5829\/revisions\/5833"}],"wp:featuredmedia":[{"embeddable":true,"href":"https:\/\/golosze.szkola.pl\/index.php\/wp-json\/wp\/v2\/media\/5832"}],"wp:attachment":[{"href":"https:\/\/golosze.szkola.pl\/index.php\/wp-json\/wp\/v2\/media?parent=5829"}],"wp:term":[{"taxonomy":"category","embeddable":true,"href":"https:\/\/golosze.szkola.pl\/index.php\/wp-json\/wp\/v2\/categories?post=5829"},{"taxonomy":"post_tag","embeddable":true,"href":"https:\/\/golosze.szkola.pl\/index.php\/wp-json\/wp\/v2\/tags?post=5829"}],"curies":[{"name":"wp","href":"https:\/\/api.w.org\/{rel}","templated":true}]}}