{"id":5821,"date":"2025-10-31T16:39:32","date_gmt":"2025-10-31T15:39:32","guid":{"rendered":"https:\/\/golosze.szkola.pl\/?p=5821"},"modified":"2025-10-31T16:39:34","modified_gmt":"2025-10-31T15:39:34","slug":"dzien-edukacji-narodowej-i-slubowanie-klasy-i","status":"publish","type":"post","link":"https:\/\/golosze.szkola.pl\/index.php\/2025\/10\/31\/dzien-edukacji-narodowej-i-slubowanie-klasy-i\/","title":{"rendered":"Dzie\u0144 Edukacji Narodowej i \u015alubowanie Klasy I"},"content":{"rendered":"\n<p>W \u015brod\u0119, 15 pa\u017adziernika, w naszej szkole \u015bwi\u0119towali\u015bmy Dzie\u0144 Edukacji Narodowej.<\/p>\n\n\n\n<p>Uczniowie klas IV\u2013VIII przygotowali wyj\u0105tkowy wyst\u0119p s\u0142owno-muzyczny, przybli\u017caj\u0105c histori\u0119 tego \u015bwi\u0119ta \u2013 wspomnieli m.in. o Stanis\u0142awie Augu\u015bcie Poniatowskim i powo\u0142aniu Komisji Edukacji Narodowej. Nie zabrak\u0142o wzruszaj\u0105cych wierszy i nostalgicznych piosenek. Podzi\u0119kowania dla nauczycieli pop\u0142yn\u0119\u0142y prosto z serc uczni\u00f3w, a na zako\u0144czenie Samorz\u0105d Uczniowski wr\u0119czy\u0142 pedagogom upominki. <img loading=\"lazy\" height=\"16\" width=\"16\" alt=\"????\" src=\"https:\/\/static.xx.fbcdn.net\/images\/emoji.php\/v9\/te3\/1\/16\/1f490.png\"><img loading=\"lazy\" height=\"16\" width=\"16\" alt=\"????\" src=\"https:\/\/static.xx.fbcdn.net\/images\/emoji.php\/v9\/t84\/1\/16\/1f381.png\"><\/p>\n\n\n\n<p>Druga cz\u0119\u015b\u0107 uroczysto\u015bci to \u015blubowanie uczni\u00f3w klasy pierwszej. Najm\u0142odsi, z u\u015bmiechem i odwag\u0105, zaprezentowali program artystyczny \u2013 recytowali wierszyki, \u015bpiewali, ta\u0144czyli oraz przypomnieli symbole narodowe i warto\u015bci, kt\u00f3rymi warto kierowa\u0107 si\u0119 w \u017cyciu i szkole. Ich wyst\u0119p zachwyci\u0142 publiczno\u015b\u0107 szczero\u015bci\u0105, rado\u015bci\u0105 i zaanga\u017cowaniem. Na zako\u0144czenie dzieci z\u0142o\u017cy\u0142y uroczyst\u0105 przysi\u0119g\u0119 na sztandar szko\u0142y, staj\u0105c si\u0119 pe\u0142noprawnymi cz\u0142onkami naszej szkolnej spo\u0142eczno\u015bci. <img loading=\"lazy\" height=\"16\" width=\"16\" alt=\"????\" src=\"https:\/\/static.xx.fbcdn.net\/images\/emoji.php\/v9\/t25\/1\/16\/1f393.png\"><img loading=\"lazy\" height=\"16\" width=\"16\" alt=\"????\" src=\"https:\/\/static.xx.fbcdn.net\/images\/emoji.php\/v9\/t15\/1\/16\/1f49b.png\"><\/p>\n\n\n\n<p>Na uroczysto\u015bci mieli\u015bmy zaszczyt go\u015bci\u0107: pani\u0105 wicew\u00f3jt Gminy B\u0142\u0119d\u00f3w Agnieszk\u0119 Radeck\u0105, przewodnicz\u0105cego Rady Gminy Dariusza Rybaka, wiceprzewodnicz\u0105cego Rady Gminy Marka Kowalczyka, przewodnicz\u0105c\u0105 Komisji O\u015bwiaty \u017banet\u0119 Nowocin, zast\u0119pc\u0119 przewodnicz\u0105cej Komisji O\u015bwiaty Barbar\u0119 Napi\u00f3rkowsk\u0105, ksi\u0119dza proboszcza parafii B\u0142\u0119d\u00f3w Leszka Bruli\u0144skiego oraz przewodnicz\u0105c\u0105 Rady Rodzic\u00f3w Magdalen\u0119 Grzejszczyk-R\u00f3\u017cyc. Zaproszeni go\u015bcie wsp\u00f3lnie z nami \u015bwi\u0119towali ten wyj\u0105tkowy dzie\u0144. Go\u015bcili\u015bmy tak\u017ce rodzic\u00f3w naszych pierwszoklasist\u00f3w, kt\u00f3rzy z dum\u0105 obserwowali swoje dzieci podczas \u015blubowania.<\/p>\n\n\n\n<p>Dope\u0142nieniem uroczysto\u015bci by\u0142 s\u0142odki pocz\u0119stunek, przygotowany przez rodzic\u00f3w naszych pierwszoklasist\u00f3w. <img loading=\"lazy\" height=\"16\" width=\"16\" alt=\"????\" src=\"https:\/\/static.xx.fbcdn.net\/images\/emoji.php\/v9\/t64\/1\/16\/1f370.png\"><img loading=\"lazy\" height=\"16\" width=\"16\" alt=\"\u2615\" src=\"https:\/\/static.xx.fbcdn.net\/images\/emoji.php\/v9\/t91\/1\/16\/2615.png\"><\/p>\n\n\n\n<p>To by\u0142 naprawd\u0119 wyj\u0105tkowy dzie\u0144 \u2013 pe\u0142en u\u015bmiech\u00f3w, wzrusze\u0144 i wdzi\u0119czno\u015bci. <img loading=\"lazy\" height=\"16\" width=\"16\" alt=\"????\" src=\"https:\/\/static.xx.fbcdn.net\/images\/emoji.php\/v9\/te9\/1\/16\/1f496.png\">Dzi\u0119kujemy wszystkim, kt\u00f3rzy w\u0142\u0105czyli si\u0119 w przygotowanie tego pi\u0119knego \u015bwi\u0119ta!<\/p>\n\n\n\n<figure class=\"wp-block-gallery columns-3 is-cropped\"><ul class=\"blocks-gallery-grid\"><li class=\"blocks-gallery-item\"><figure><img loading=\"lazy\" width=\"1024\" height=\"768\" src=\"https:\/\/golosze.szkola.pl\/wp-content\/uploads\/2025\/10\/a-1024x768.jpg\" alt=\"\" data-id=\"5822\" data-full-url=\"https:\/\/golosze.szkola.pl\/wp-content\/uploads\/2025\/10\/a.jpg\" data-link=\"https:\/\/golosze.szkola.pl\/?attachment_id=5822\" class=\"wp-image-5822\" srcset=\"https:\/\/golosze.szkola.pl\/wp-content\/uploads\/2025\/10\/a-1024x768.jpg 1024w, https:\/\/golosze.szkola.pl\/wp-content\/uploads\/2025\/10\/a-300x225.jpg 300w, https:\/\/golosze.szkola.pl\/wp-content\/uploads\/2025\/10\/a-768x576.jpg 768w, https:\/\/golosze.szkola.pl\/wp-content\/uploads\/2025\/10\/a-1536x1152.jpg 1536w, https:\/\/golosze.szkola.pl\/wp-content\/uploads\/2025\/10\/a.jpg 2048w\" sizes=\"(max-width: 1024px) 100vw, 1024px\" \/><\/figure><\/li><li class=\"blocks-gallery-item\"><figure><img loading=\"lazy\" width=\"1024\" height=\"768\" src=\"https:\/\/golosze.szkola.pl\/wp-content\/uploads\/2025\/10\/d-1024x768.jpg\" alt=\"\" data-id=\"5823\" data-full-url=\"https:\/\/golosze.szkola.pl\/wp-content\/uploads\/2025\/10\/d.jpg\" data-link=\"https:\/\/golosze.szkola.pl\/?attachment_id=5823\" class=\"wp-image-5823\" srcset=\"https:\/\/golosze.szkola.pl\/wp-content\/uploads\/2025\/10\/d-1024x768.jpg 1024w, https:\/\/golosze.szkola.pl\/wp-content\/uploads\/2025\/10\/d-300x225.jpg 300w, https:\/\/golosze.szkola.pl\/wp-content\/uploads\/2025\/10\/d-768x576.jpg 768w, https:\/\/golosze.szkola.pl\/wp-content\/uploads\/2025\/10\/d-1536x1152.jpg 1536w, https:\/\/golosze.szkola.pl\/wp-content\/uploads\/2025\/10\/d.jpg 2048w\" sizes=\"(max-width: 1024px) 100vw, 1024px\" \/><\/figure><\/li><li class=\"blocks-gallery-item\"><figure><img loading=\"lazy\" width=\"819\" height=\"614\" src=\"https:\/\/golosze.szkola.pl\/wp-content\/uploads\/2025\/10\/f.jpg\" alt=\"\" data-id=\"5824\" data-full-url=\"https:\/\/golosze.szkola.pl\/wp-content\/uploads\/2025\/10\/f.jpg\" data-link=\"https:\/\/golosze.szkola.pl\/?attachment_id=5824\" class=\"wp-image-5824\" srcset=\"https:\/\/golosze.szkola.pl\/wp-content\/uploads\/2025\/10\/f.jpg 819w, https:\/\/golosze.szkola.pl\/wp-content\/uploads\/2025\/10\/f-300x225.jpg 300w, https:\/\/golosze.szkola.pl\/wp-content\/uploads\/2025\/10\/f-768x576.jpg 768w\" sizes=\"(max-width: 819px) 100vw, 819px\" \/><\/figure><\/li><li class=\"blocks-gallery-item\"><figure><img loading=\"lazy\" width=\"1024\" height=\"768\" src=\"https:\/\/golosze.szkola.pl\/wp-content\/uploads\/2025\/10\/g-1024x768.jpg\" alt=\"\" data-id=\"5825\" data-full-url=\"https:\/\/golosze.szkola.pl\/wp-content\/uploads\/2025\/10\/g.jpg\" data-link=\"https:\/\/golosze.szkola.pl\/?attachment_id=5825\" class=\"wp-image-5825\" srcset=\"https:\/\/golosze.szkola.pl\/wp-content\/uploads\/2025\/10\/g-1024x768.jpg 1024w, https:\/\/golosze.szkola.pl\/wp-content\/uploads\/2025\/10\/g-300x225.jpg 300w, https:\/\/golosze.szkola.pl\/wp-content\/uploads\/2025\/10\/g-768x576.jpg 768w, https:\/\/golosze.szkola.pl\/wp-content\/uploads\/2025\/10\/g-1536x1152.jpg 1536w, https:\/\/golosze.szkola.pl\/wp-content\/uploads\/2025\/10\/g.jpg 2048w\" sizes=\"(max-width: 1024px) 100vw, 1024px\" \/><\/figure><\/li><li class=\"blocks-gallery-item\"><figure><img loading=\"lazy\" width=\"1024\" height=\"768\" src=\"https:\/\/golosze.szkola.pl\/wp-content\/uploads\/2025\/10\/s-1024x768.jpg\" alt=\"\" data-id=\"5826\" data-full-url=\"https:\/\/golosze.szkola.pl\/wp-content\/uploads\/2025\/10\/s.jpg\" data-link=\"https:\/\/golosze.szkola.pl\/?attachment_id=5826\" class=\"wp-image-5826\" srcset=\"https:\/\/golosze.szkola.pl\/wp-content\/uploads\/2025\/10\/s-1024x768.jpg 1024w, https:\/\/golosze.szkola.pl\/wp-content\/uploads\/2025\/10\/s-300x225.jpg 300w, https:\/\/golosze.szkola.pl\/wp-content\/uploads\/2025\/10\/s-768x576.jpg 768w, https:\/\/golosze.szkola.pl\/wp-content\/uploads\/2025\/10\/s-1536x1152.jpg 1536w, https:\/\/golosze.szkola.pl\/wp-content\/uploads\/2025\/10\/s.jpg 2048w\" sizes=\"(max-width: 1024px) 100vw, 1024px\" \/><\/figure><\/li><\/ul><\/figure>\n","protected":false},"excerpt":{"rendered":"<p>W \u015brod\u0119, 15 pa\u017adziernika, w naszej szkole \u015bwi\u0119towali\u015bmy Dzie\u0144 Edukacji Narodowej. Uczniowie klas IV\u2013VIII przygotowali wyj\u0105tkowy wyst\u0119p s\u0142owno-muzyczny, przybli\u017caj\u0105c histori\u0119 tego \u015bwi\u0119ta \u2013 wspomnieli m.in. o Stanis\u0142awie Augu\u015bcie Poniatowskim i powo\u0142aniu Komisji Edukacji Narodowej. Nie zabrak\u0142o wzruszaj\u0105cych wierszy i nostalgicznych piosenek. Podzi\u0119kowania dla nauczycieli pop\u0142yn\u0119\u0142y prosto z serc uczni\u00f3w, a na zako\u0144czenie Samorz\u0105d Uczniowski wr\u0119czy\u0142 [&hellip;]<\/p>\n","protected":false},"author":2,"featured_media":5824,"comment_status":"closed","ping_status":"closed","sticky":false,"template":"","format":"standard","meta":[],"categories":[1],"tags":[],"_links":{"self":[{"href":"https:\/\/golosze.szkola.pl\/index.php\/wp-json\/wp\/v2\/posts\/5821"}],"collection":[{"href":"https:\/\/golosze.szkola.pl\/index.php\/wp-json\/wp\/v2\/posts"}],"about":[{"href":"https:\/\/golosze.szkola.pl\/index.php\/wp-json\/wp\/v2\/types\/post"}],"author":[{"embeddable":true,"href":"https:\/\/golosze.szkola.pl\/index.php\/wp-json\/wp\/v2\/users\/2"}],"replies":[{"embeddable":true,"href":"https:\/\/golosze.szkola.pl\/index.php\/wp-json\/wp\/v2\/comments?post=5821"}],"version-history":[{"count":1,"href":"https:\/\/golosze.szkola.pl\/index.php\/wp-json\/wp\/v2\/posts\/5821\/revisions"}],"predecessor-version":[{"id":5827,"href":"https:\/\/golosze.szkola.pl\/index.php\/wp-json\/wp\/v2\/posts\/5821\/revisions\/5827"}],"wp:featuredmedia":[{"embeddable":true,"href":"https:\/\/golosze.szkola.pl\/index.php\/wp-json\/wp\/v2\/media\/5824"}],"wp:attachment":[{"href":"https:\/\/golosze.szkola.pl\/index.php\/wp-json\/wp\/v2\/media?parent=5821"}],"wp:term":[{"taxonomy":"category","embeddable":true,"href":"https:\/\/golosze.szkola.pl\/index.php\/wp-json\/wp\/v2\/categories?post=5821"},{"taxonomy":"post_tag","embeddable":true,"href":"https:\/\/golosze.szkola.pl\/index.php\/wp-json\/wp\/v2\/tags?post=5821"}],"curies":[{"name":"wp","href":"https:\/\/api.w.org\/{rel}","templated":true}]}}