{"id":5695,"date":"2025-06-17T18:06:15","date_gmt":"2025-06-17T16:06:15","guid":{"rendered":"https:\/\/golosze.szkola.pl\/?p=5695"},"modified":"2025-06-17T18:06:17","modified_gmt":"2025-06-17T16:06:17","slug":"wioski-bez-troski-etap-regionalny","status":"publish","type":"post","link":"https:\/\/golosze.szkola.pl\/index.php\/2025\/06\/17\/wioski-bez-troski-etap-regionalny\/","title":{"rendered":"\u201eWioski bez troski\u201d &#8211; etap regionalny"},"content":{"rendered":"\n<p>Zwyci\u0119stwo uczennicy Publicznej Szko\u0142y Podstawowej im. 11 Listopada 1918 r. w Go\u0142oszach w konkursie plastycznym \u201eWioski bez troski\u201d &#8211; etap regionalny.<br><br>Gratulujemy Marcie Wojtczak uczennicy klasy IV, kt\u00f3ra zaj\u0119\u0142a I miejsce w kategorii klas IV-VIII w XV Og\u00f3lnopolskim Konkursie Plastycznym dla Dzieci \u201eWioski bez troski\u201d \u2013 etap regionalny.<br>Wyr\u00f3\u017cnieni dyplomami za udzia\u0142 i nagrodami zostali:<br>Stefania R\u00f3\u017cyc kl. 0<br>Bart\u0142omiej Bara\u0144ski kl. 3<br>Julia Gnatowska kl. 6<br>Dzi\u0119kujemy uczniom za trud w\u0142o\u017cony w wykonan\u0105 prac\u0119 i \u017cyczymy dalszych sukces\u00f3w.<\/p>\n\n\n\n<figure class=\"wp-block-image size-full\"><img loading=\"lazy\" width=\"356\" height=\"426\" src=\"https:\/\/golosze.szkola.pl\/wp-content\/uploads\/2025\/06\/d1.jpg\" alt=\"\" class=\"wp-image-5696\" srcset=\"https:\/\/golosze.szkola.pl\/wp-content\/uploads\/2025\/06\/d1.jpg 356w, https:\/\/golosze.szkola.pl\/wp-content\/uploads\/2025\/06\/d1-251x300.jpg 251w\" sizes=\"(max-width: 356px) 100vw, 356px\" \/><\/figure>\n","protected":false},"excerpt":{"rendered":"<p>Zwyci\u0119stwo uczennicy Publicznej Szko\u0142y Podstawowej im. 11 Listopada 1918 r. w Go\u0142oszach w konkursie plastycznym \u201eWioski bez troski\u201d &#8211; etap regionalny. Gratulujemy Marcie Wojtczak uczennicy klasy IV, kt\u00f3ra zaj\u0119\u0142a I miejsce w kategorii klas IV-VIII w XV Og\u00f3lnopolskim Konkursie Plastycznym dla Dzieci \u201eWioski bez troski\u201d \u2013 etap regionalny.Wyr\u00f3\u017cnieni dyplomami za udzia\u0142 i nagrodami zostali:Stefania R\u00f3\u017cyc [&hellip;]<\/p>\n","protected":false},"author":2,"featured_media":5696,"comment_status":"closed","ping_status":"closed","sticky":false,"template":"","format":"standard","meta":[],"categories":[1],"tags":[],"_links":{"self":[{"href":"https:\/\/golosze.szkola.pl\/index.php\/wp-json\/wp\/v2\/posts\/5695"}],"collection":[{"href":"https:\/\/golosze.szkola.pl\/index.php\/wp-json\/wp\/v2\/posts"}],"about":[{"href":"https:\/\/golosze.szkola.pl\/index.php\/wp-json\/wp\/v2\/types\/post"}],"author":[{"embeddable":true,"href":"https:\/\/golosze.szkola.pl\/index.php\/wp-json\/wp\/v2\/users\/2"}],"replies":[{"embeddable":true,"href":"https:\/\/golosze.szkola.pl\/index.php\/wp-json\/wp\/v2\/comments?post=5695"}],"version-history":[{"count":1,"href":"https:\/\/golosze.szkola.pl\/index.php\/wp-json\/wp\/v2\/posts\/5695\/revisions"}],"predecessor-version":[{"id":5697,"href":"https:\/\/golosze.szkola.pl\/index.php\/wp-json\/wp\/v2\/posts\/5695\/revisions\/5697"}],"wp:featuredmedia":[{"embeddable":true,"href":"https:\/\/golosze.szkola.pl\/index.php\/wp-json\/wp\/v2\/media\/5696"}],"wp:attachment":[{"href":"https:\/\/golosze.szkola.pl\/index.php\/wp-json\/wp\/v2\/media?parent=5695"}],"wp:term":[{"taxonomy":"category","embeddable":true,"href":"https:\/\/golosze.szkola.pl\/index.php\/wp-json\/wp\/v2\/categories?post=5695"},{"taxonomy":"post_tag","embeddable":true,"href":"https:\/\/golosze.szkola.pl\/index.php\/wp-json\/wp\/v2\/tags?post=5695"}],"curies":[{"name":"wp","href":"https:\/\/api.w.org\/{rel}","templated":true}]}}