{"id":5240,"date":"2024-06-26T08:40:35","date_gmt":"2024-06-26T06:40:35","guid":{"rendered":"https:\/\/golosze.szkola.pl\/?p=5240"},"modified":"2024-06-26T08:40:39","modified_gmt":"2024-06-26T06:40:39","slug":"xiv-ogolnopolski-konkurs-plastyczny-bezpiecznie-na-wsi-mamy-bo-o-zdrowie-dbamy","status":"publish","type":"post","link":"https:\/\/golosze.szkola.pl\/index.php\/2024\/06\/26\/xiv-ogolnopolski-konkurs-plastyczny-bezpiecznie-na-wsi-mamy-bo-o-zdrowie-dbamy\/","title":{"rendered":"XIV Og\u00f3lnopolski Konkurs Plastyczny \u201eBezpiecznie na wsi mamy, bo o zdrowie dbamy\u201d"},"content":{"rendered":"\n<p>Gratulacje dla wyr\u00f3\u017cnionych dzieci z naszej szko\u0142y w XIV Og\u00f3lnopolskim Konkursie Plastycznym \u201eBezpiecznie na wsi mamy, bo o zdrowie dbamy\u201d organizowanym przez KRUS.W etapie powiatowym w I grupie wiekowej(klasy 0-III) I miejsce zdoby\u0142a Janina R\u00f3\u017cyc (uczennica kl.II),na III miejscu uplasowa\u0142 si\u0119 Bart\u0142omiej Bara\u0144ski (ucze\u0144 kl.II), a wyr\u00f3\u017cnienie otrzyma\u0142a- Maja Gnatowska (uczennica kl.III) <img loading=\"lazy\" height=\"16\" width=\"16\" alt=\"\ud83d\udc4f\ud83c\udffb\" src=\"https:\/\/static.xx.fbcdn.net\/images\/emoji.php\/v9\/tf9\/1\/16\/1f44f_1f3fb.png\"><\/p>\n\n\n\n<figure class=\"wp-block-image size-full\"><img loading=\"lazy\" width=\"800\" height=\"600\" src=\"https:\/\/golosze.szkola.pl\/wp-content\/uploads\/2024\/06\/11.jpg\" alt=\"\" class=\"wp-image-5241\" srcset=\"https:\/\/golosze.szkola.pl\/wp-content\/uploads\/2024\/06\/11.jpg 800w, https:\/\/golosze.szkola.pl\/wp-content\/uploads\/2024\/06\/11-300x225.jpg 300w, https:\/\/golosze.szkola.pl\/wp-content\/uploads\/2024\/06\/11-768x576.jpg 768w\" sizes=\"(max-width: 800px) 100vw, 800px\" \/><\/figure>\n","protected":false},"excerpt":{"rendered":"<p>Gratulacje dla wyr\u00f3\u017cnionych dzieci z naszej szko\u0142y w XIV Og\u00f3lnopolskim Konkursie Plastycznym \u201eBezpiecznie na wsi mamy, bo o zdrowie dbamy\u201d organizowanym przez KRUS.W etapie powiatowym w I grupie wiekowej(klasy 0-III) I miejsce zdoby\u0142a Janina R\u00f3\u017cyc (uczennica kl.II),na III miejscu uplasowa\u0142 si\u0119 Bart\u0142omiej Bara\u0144ski (ucze\u0144 kl.II), a wyr\u00f3\u017cnienie otrzyma\u0142a- Maja Gnatowska (uczennica kl.III)<\/p>\n","protected":false},"author":2,"featured_media":5241,"comment_status":"closed","ping_status":"closed","sticky":false,"template":"","format":"standard","meta":[],"categories":[1],"tags":[],"_links":{"self":[{"href":"https:\/\/golosze.szkola.pl\/index.php\/wp-json\/wp\/v2\/posts\/5240"}],"collection":[{"href":"https:\/\/golosze.szkola.pl\/index.php\/wp-json\/wp\/v2\/posts"}],"about":[{"href":"https:\/\/golosze.szkola.pl\/index.php\/wp-json\/wp\/v2\/types\/post"}],"author":[{"embeddable":true,"href":"https:\/\/golosze.szkola.pl\/index.php\/wp-json\/wp\/v2\/users\/2"}],"replies":[{"embeddable":true,"href":"https:\/\/golosze.szkola.pl\/index.php\/wp-json\/wp\/v2\/comments?post=5240"}],"version-history":[{"count":1,"href":"https:\/\/golosze.szkola.pl\/index.php\/wp-json\/wp\/v2\/posts\/5240\/revisions"}],"predecessor-version":[{"id":5242,"href":"https:\/\/golosze.szkola.pl\/index.php\/wp-json\/wp\/v2\/posts\/5240\/revisions\/5242"}],"wp:featuredmedia":[{"embeddable":true,"href":"https:\/\/golosze.szkola.pl\/index.php\/wp-json\/wp\/v2\/media\/5241"}],"wp:attachment":[{"href":"https:\/\/golosze.szkola.pl\/index.php\/wp-json\/wp\/v2\/media?parent=5240"}],"wp:term":[{"taxonomy":"category","embeddable":true,"href":"https:\/\/golosze.szkola.pl\/index.php\/wp-json\/wp\/v2\/categories?post=5240"},{"taxonomy":"post_tag","embeddable":true,"href":"https:\/\/golosze.szkola.pl\/index.php\/wp-json\/wp\/v2\/tags?post=5240"}],"curies":[{"name":"wp","href":"https:\/\/api.w.org\/{rel}","templated":true}]}}