{"id":4515,"date":"2023-01-13T12:07:11","date_gmt":"2023-01-13T11:07:11","guid":{"rendered":"https:\/\/golosze.szkola.pl\/?p=4515"},"modified":"2023-01-13T12:09:33","modified_gmt":"2023-01-13T11:09:33","slug":"polkolonie","status":"publish","type":"post","link":"https:\/\/golosze.szkola.pl\/index.php\/2023\/01\/13\/polkolonie\/","title":{"rendered":"P\u00f3\u0142kolonie"},"content":{"rendered":"\n<p><strong>Sportowe ferie &#8211; zapraszamy na p\u00f3\u0142kolonie!<br><\/strong>Akademia FC Mundialito zaprasza gor\u0105co dzieci z rocznik\u00f3w 2010-2016 na&nbsp;<strong>zimowe p\u00f3\u0142kolonie na sportowo<\/strong>, podczas kt\u00f3rych b\u0119dziemy wspaniale sp\u0119dza\u0107 ferie, promuj\u0105c aktywny i zdrowy spos\u00f3b odpoczynku.<\/p>\n\n\n\n<p><strong>Co b\u0119dziemy robi\u0107?<br><\/strong>Codziennie od poniedzia\u0142ku do pi\u0105tku (13-17.02.2023) odbywa\u0107 si\u0119 b\u0119d\u0105 zaj\u0119cia sportowe w hali w B\u0142\u0119dowie (pi\u0142ka no\u017cna, gry zespo\u0142owe, gimnastyka, zaj\u0119cia og\u00f3lnorozwojowe), a tak\u017ce warsztaty edukacyjne, zabawy integracyjne oraz animacje. Wybierzemy si\u0119 r\u00f3wnie\u017c na super wycieczk\u0119 do Warszawy, podczas kt\u00f3rej zajrzymy do Multikina oraz parku trampolin!<br><strong>Dla kogo?<br><\/strong>Zapraszamy gor\u0105co na p\u00f3\u0142kolonie ch\u0142opc\u00f3w i dziewczynki z rocznik\u00f3w 2010-2016. Mamy ogromne do\u015bwiadczenie w pracy z dzie\u0107mi! Wasze skarby b\u0119d\u0105 z nami wspaniale si\u0119 bawi\u0107! W feriach z FCM \u015bmia\u0142o mog\u0105 uczestniczy\u0107 tak\u017ce dzieci, kt\u00f3re nie mia\u0142y do tej pory du\u017cej styczno\u015bci ze sportem. Nasze zaj\u0119cia dobierzemy odpowiednio do zainteresowa\u0144 uczestnik\u00f3w i poziomu zaawansowania ruchowego.<br><strong>Sportowe ferie z FCM<br><\/strong>termin: 13.02 \u2013 17.02.2023miejsce: PSP B\u0142\u0119d\u00f3w, ul. Stary Rynek 9<br>opieka nad dzie\u0107mi w godz. 8:00-16:30<br>cena: 550 PLN (cena zawiera wycieczk\u0119 do Warszawy oraz wy\u017cywienie)<br>ka\u017cdy uczestnik otrzyma pami\u0105tkowy upominek!<\/p>\n\n\n\n<p>Zapisy \u2013 wype\u0142nij formularz (kliknij) &gt;&gt;&nbsp;<\/p>\n\n\n\n<p>Masz pytania?&nbsp;<br>napisz \u2013&nbsp;<a href=\"mailto:fcmundialito@gmail.com\" target=\"_blank\" rel=\"noreferrer noopener\"><\/a><a href=\"mailto:fcmundialito@gmail.com\" target=\"_blank\" rel=\"noreferrer noopener\"><\/a><a href=\"mailto:fcmundialito@gmail.com\" target=\"_blank\" rel=\"noreferrer noopener\"><\/a><a href=\"mailto:fcmundialito@gmail.com\" target=\"_blank\" rel=\"noreferrer noopener\">fcmundialito@gmail.com<\/a>&nbsp;lub zadzwo\u0144 \u2013 798019006 \/ 724735224<\/p>\n\n\n\n<p>Liczba miejsc ograniczona! Zapisy prowadzimy do 30 stycznia 2023.<\/p>\n\n\n\n<figure class=\"wp-block-image size-large\"><img loading=\"lazy\" width=\"724\" height=\"1024\" src=\"https:\/\/golosze.szkola.pl\/wp-content\/uploads\/2023\/01\/polkolonie_zima2023_plakat_v2-724x1024.png\" alt=\"\" class=\"wp-image-4516\" srcset=\"https:\/\/golosze.szkola.pl\/wp-content\/uploads\/2023\/01\/polkolonie_zima2023_plakat_v2-724x1024.png 724w, https:\/\/golosze.szkola.pl\/wp-content\/uploads\/2023\/01\/polkolonie_zima2023_plakat_v2-212x300.png 212w, https:\/\/golosze.szkola.pl\/wp-content\/uploads\/2023\/01\/polkolonie_zima2023_plakat_v2-768x1086.png 768w, https:\/\/golosze.szkola.pl\/wp-content\/uploads\/2023\/01\/polkolonie_zima2023_plakat_v2-1086x1536.png 1086w, https:\/\/golosze.szkola.pl\/wp-content\/uploads\/2023\/01\/polkolonie_zima2023_plakat_v2-1448x2048.png 1448w, https:\/\/golosze.szkola.pl\/wp-content\/uploads\/2023\/01\/polkolonie_zima2023_plakat_v2.png 1587w\" sizes=\"(max-width: 724px) 100vw, 724px\" \/><\/figure>\n","protected":false},"excerpt":{"rendered":"<p>Sportowe ferie &#8211; zapraszamy na p\u00f3\u0142kolonie!Akademia FC Mundialito zaprasza gor\u0105co dzieci z rocznik\u00f3w 2010-2016 na&nbsp;zimowe p\u00f3\u0142kolonie na sportowo, podczas kt\u00f3rych b\u0119dziemy wspaniale sp\u0119dza\u0107 ferie, promuj\u0105c aktywny i zdrowy spos\u00f3b odpoczynku. Co b\u0119dziemy robi\u0107?Codziennie od poniedzia\u0142ku do pi\u0105tku (13-17.02.2023) odbywa\u0107 si\u0119 b\u0119d\u0105 zaj\u0119cia sportowe w hali w B\u0142\u0119dowie (pi\u0142ka no\u017cna, gry zespo\u0142owe, gimnastyka, zaj\u0119cia og\u00f3lnorozwojowe), a [&hellip;]<\/p>\n","protected":false},"author":1,"featured_media":4518,"comment_status":"closed","ping_status":"closed","sticky":false,"template":"","format":"standard","meta":[],"categories":[1],"tags":[],"_links":{"self":[{"href":"https:\/\/golosze.szkola.pl\/index.php\/wp-json\/wp\/v2\/posts\/4515"}],"collection":[{"href":"https:\/\/golosze.szkola.pl\/index.php\/wp-json\/wp\/v2\/posts"}],"about":[{"href":"https:\/\/golosze.szkola.pl\/index.php\/wp-json\/wp\/v2\/types\/post"}],"author":[{"embeddable":true,"href":"https:\/\/golosze.szkola.pl\/index.php\/wp-json\/wp\/v2\/users\/1"}],"replies":[{"embeddable":true,"href":"https:\/\/golosze.szkola.pl\/index.php\/wp-json\/wp\/v2\/comments?post=4515"}],"version-history":[{"count":1,"href":"https:\/\/golosze.szkola.pl\/index.php\/wp-json\/wp\/v2\/posts\/4515\/revisions"}],"predecessor-version":[{"id":4517,"href":"https:\/\/golosze.szkola.pl\/index.php\/wp-json\/wp\/v2\/posts\/4515\/revisions\/4517"}],"wp:featuredmedia":[{"embeddable":true,"href":"https:\/\/golosze.szkola.pl\/index.php\/wp-json\/wp\/v2\/media\/4518"}],"wp:attachment":[{"href":"https:\/\/golosze.szkola.pl\/index.php\/wp-json\/wp\/v2\/media?parent=4515"}],"wp:term":[{"taxonomy":"category","embeddable":true,"href":"https:\/\/golosze.szkola.pl\/index.php\/wp-json\/wp\/v2\/categories?post=4515"},{"taxonomy":"post_tag","embeddable":true,"href":"https:\/\/golosze.szkola.pl\/index.php\/wp-json\/wp\/v2\/tags?post=4515"}],"curies":[{"name":"wp","href":"https:\/\/api.w.org\/{rel}","templated":true}]}}